{"id":12428,"date":"2026-08-28T09:09:04","date_gmt":"2026-08-28T09:09:04","guid":{"rendered":"https:\/\/centrolarotonda.ch\/?p=12428"},"modified":"2026-08-28T09:09:07","modified_gmt":"2026-08-28T09:09:07","slug":"avviso-alla-clientela","status":"publish","type":"post","link":"https:\/\/centrolarotonda.ch\/?p=12428","title":{"rendered":"AVVISO ALLA CLIENTELA"},"content":{"rendered":"<style type=\"text\/css\"><\/style>\n<p class=\"wp-block-paragraph\">Si informa che&nbsp;<strong>gioved\u00ec 3 settembre 2026<\/strong>&nbsp;il punto vendita&nbsp;<strong>MediaMarkt<\/strong>&nbsp;rester\u00e0&nbsp;<strong>temporaneamente chiuso fino alle ore 15.00 circa<\/strong>.<\/p>\n\n\n\n<p class=\"wp-block-paragraph\">La riapertura \u00e8 prevista indicativamente&nbsp;<strong>alle ore 15.00<\/strong>.<\/p>\n\n\n\n<p class=\"wp-block-paragraph\">Grazie per la comprensione!<\/p>\n","protected":false},"excerpt":{"rendered":"<p>Si informa che&nbsp;gioved\u00ec 3 settembre 2026&nbsp;il punto vendita&nbsp;MediaMarkt&nbsp;rester\u00e0&nbsp;temporaneamente chiuso fino alle ore 15.00 circa. La riapertura \u00e8 prevista indicativamente&nbsp;alle ore 15.00. Grazie per la comprensione!<\/p>\n","protected":false},"author":1,"featured_media":12426,"comment_status":"closed","ping_status":"closed","sticky":false,"template":"","format":"standard","meta":{"footnotes":""},"categories":[6],"tags":[54],"class_list":["post-12428","post","type-post","status-publish","format-standard","has-post-thumbnail","hentry","category-news","tag-shopping"],"_links":{"self":[{"href":"https:\/\/centrolarotonda.ch\/index.php?rest_route=\/wp\/v2\/posts\/12428","targetHints":{"allow":["GET"]}}],"collection":[{"href":"https:\/\/centrolarotonda.ch\/index.php?rest_route=\/wp\/v2\/posts"}],"about":[{"href":"https:\/\/centrolarotonda.ch\/index.php?rest_route=\/wp\/v2\/types\/post"}],"author":[{"embeddable":true,"href":"https:\/\/centrolarotonda.ch\/index.php?rest_route=\/wp\/v2\/users\/1"}],"replies":[{"embeddable":true,"href":"https:\/\/centrolarotonda.ch\/index.php?rest_route=%2Fwp%2Fv2%2Fcomments&post=12428"}],"version-history":[{"count":1,"href":"https:\/\/centrolarotonda.ch\/index.php?rest_route=\/wp\/v2\/posts\/12428\/revisions"}],"predecessor-version":[{"id":12429,"href":"https:\/\/centrolarotonda.ch\/index.php?rest_route=\/wp\/v2\/posts\/12428\/revisions\/12429"}],"wp:featuredmedia":[{"embeddable":true,"href":"https:\/\/centrolarotonda.ch\/index.php?rest_route=\/wp\/v2\/media\/12426"}],"wp:attachment":[{"href":"https:\/\/centrolarotonda.ch\/index.php?rest_route=%2Fwp%2Fv2%2Fmedia&parent=12428"}],"wp:term":[{"taxonomy":"category","embeddable":true,"href":"https:\/\/centrolarotonda.ch\/index.php?rest_route=%2Fwp%2Fv2%2Fcategories&post=12428"},{"taxonomy":"post_tag","embeddable":true,"href":"https:\/\/centrolarotonda.ch\/index.php?rest_route=%2Fwp%2Fv2%2Ftags&post=12428"}],"curies":[{"name":"wp","href":"https:\/\/api.w.org\/{rel}","templated":true}]}}